{"id":51,"date":"2026-09-05T08:27:22","date_gmt":"2026-09-05T08:27:22","guid":{"rendered":"https:\/\/crisami.com\/?p=51"},"modified":"2026-09-05T08:43:29","modified_gmt":"2026-09-05T08:43:29","slug":"george-clooney-moment-emotionant-la-venetia-a-fost-premiat-cu-leul-de-aur-pentru-intreaga-cariera","status":"publish","type":"post","link":"https:\/\/crisami.com\/?p=51","title":{"rendered":"George Clooney, moment emo\u021bionant la Vene\u021bia. A fost premiat cu \u201eLeul de Aur&#8221; pentru \u00eentreaga carier\u0103"},"content":{"rendered":"\n<h2 class=\"wp-block-heading\">George Clooney a fost \u00een centrul aten\u021biei la Festivalul de Film de la Vene\u021bia, unde a primit \u201eLeul de Aur&#8221; pentru \u00eentreaga carier\u0103. Actorul american, \u00een v\u00e2rst\u0103 de 65 de ani, a urcat pe scen\u0103 \u00een aplauzele publicului, iar discursul s\u0103u a fost, \u00een stilul caracteristic, pres\u0103rat cu umor, dar \u0219i cu mesaje puternice despre libertate \u0219i rolul artei.<br>&nbsp;<\/h2>\n\n\n\n<p class=\"wp-block-paragraph\">Trofeul i-a fost \u00eenm\u00e2nat de Laura Dern, actri\u021b\u0103 \u0219i prieten\u0103 veche a lui Clooney. Vizibil emo\u021bionat, acesta a m\u0103rturisit c\u0103 un astfel de premiu vine la pachet cu sentimente contradictorii.<\/p>\n\n\n\n<p class=\"wp-block-paragraph\">\u201eC\u00e2nd \u021bi se spune c\u0103 vei primi un premiu pentru \u00eentreaga carier\u0103, \u00ee\u021bi vin \u00een minte dou\u0103 lucruri: ce onoare incredibil\u0103 este asta \u0219i, apoi, te \u00eentrebi dac\u0103 nu cumva ei \u0219tiu ceva ce tu nu \u0219tii. A\u021bi vorbit cu medicii mei, nu-i a\u0219a?\u201d, a glumit actorul.<\/p>\n\n\n\n<p class=\"wp-block-paragraph\">Dincolo de autoironie, Clooney a vorbit despre puterea pe care o au jurnali\u0219tii \u0219i arti\u0219tii \u00eentr-o societate liber\u0103. El a atras aten\u021bia c\u0103, atunci c\u00e2nd autoritarismul \u00ee\u0219i face loc, printre primele voci reduse la t\u0103cere se num\u0103r\u0103 cele ale jurnali\u0219tilor, scriitorilor, actorilor care pun \u00eentreb\u0103ri \u0219i refuz\u0103 r\u0103spunsurile simpliste.<\/p>\n\n\n\n<p class=\"wp-block-paragraph\">Actorul a vorbit \u0219i despre felul \u00een care filmele pot apropia oamenii \u0219i pot combate frica \u0219i intoleran\u021ba. \u00cen opinia sa, pove\u0219tile sunt importante tocmai pentru c\u0103 ne ajut\u0103 s\u0103 vedem lumea prin ochii unor oameni pe care altfel poate nu i-am fi \u00een\u021beles niciodat\u0103.<\/p>\n\n\n\n<p class=\"wp-block-paragraph\">\u201eFilmele nu opresc r\u0103zboaiele, nu reduc infla\u021bia \u0219i nu repar\u0103 alegerile. Dar fac ceva remarcabil: ne amintesc c\u0103 un str\u0103in nu este niciodat\u0103 cu adev\u0103rat un str\u0103in \u0219i c\u0103 ar putea fi chiar eroul pove\u0219tii altcuiva\u201d, a spus Clooney.<\/p>\n\n\n\n<p class=\"wp-block-paragraph\"><strong>George Clooney, despre \u00eemb\u0103tr\u00e2nire&nbsp;<\/strong><\/p>\n\n\n\n<p class=\"wp-block-paragraph\">\u00cendr\u0103gitul actor a vorbit deschis \u0219i despre \u00eemb\u0103tr\u00e2nire, f\u0103r\u0103 s\u0103 evite glumele pe seama propriei v\u00e2rste.<\/p>\n\n\n\n<p class=\"wp-block-paragraph\">\u201eAm 65 de ani. Totul este melancolic\u201d, a spus el, explic\u00e2nd apoi, cu umor, c\u0103 p\u00e2n\u0103 \u0219i lucrurile banale \u00eei amintesc c\u0103 timpul trece: \u201eTe speli pe din\u021bi \u0219i te g\u00e2nde\u0219ti: \u00abOh, din\u021bii mei ar\u0103tau at\u00e2t de bine odinioar\u0103\u00bb\u201d.<\/p>\n\n\n\n<p class=\"wp-block-paragraph\">Clooney a vorbit cu recuno\u0219tin\u021b\u0103 despre via\u021ba de familie al\u0103turi de Amal Clooney \u0219i de cei doi copii ai lor, \u00een v\u00e2rst\u0103 de nou\u0103 ani.<\/p>\n\n\n\n<p class=\"wp-block-paragraph\">Astfel, a demonstrat c\u0103 premiul pentru \u00eentreaga carier\u0103 nu reprezint\u0103 pentru el doar o privire nostalgic\u0103 asupra trecutului. La 65 de ani, actorul continu\u0103 s\u0103 vorbeasc\u0103 despre cinema, libertate, politic\u0103 \u0219i societate, p\u0103str\u00e2ndu-\u0219i \u00een acela\u0219i timp umorul care l-a f\u0103cut at\u00e2t de \u00eendr\u0103git.<br><br>https:\/\/www.youtube.com\/embed\/91E_nfK1tH8?si=CL_M4eB7V06U6Zcm<\/p>\n\n\n\n<p class=\"wp-block-paragraph\">Etichete:<\/p>\n","protected":false},"excerpt":{"rendered":"<p>George Clooney a fost \u00een centrul aten\u021biei la Festivalul de Film de la Vene\u021bia, unde a primit \u201eLeul<\/p>\n","protected":false},"author":1,"featured_media":52,"comment_status":"open","ping_status":"open","sticky":false,"template":"","format":"standard","meta":{"footnotes":""},"categories":[4],"tags":[],"class_list":["post-51","post","type-post","status-publish","format-standard","has-post-thumbnail","hentry","category-cinema"],"_links":{"self":[{"href":"https:\/\/crisami.com\/index.php?rest_route=\/wp\/v2\/posts\/51","targetHints":{"allow":["GET"]}}],"collection":[{"href":"https:\/\/crisami.com\/index.php?rest_route=\/wp\/v2\/posts"}],"about":[{"href":"https:\/\/crisami.com\/index.php?rest_route=\/wp\/v2\/types\/post"}],"author":[{"embeddable":true,"href":"https:\/\/crisami.com\/index.php?rest_route=\/wp\/v2\/users\/1"}],"replies":[{"embeddable":true,"href":"https:\/\/crisami.com\/index.php?rest_route=%2Fwp%2Fv2%2Fcomments&post=51"}],"version-history":[{"count":1,"href":"https:\/\/crisami.com\/index.php?rest_route=\/wp\/v2\/posts\/51\/revisions"}],"predecessor-version":[{"id":53,"href":"https:\/\/crisami.com\/index.php?rest_route=\/wp\/v2\/posts\/51\/revisions\/53"}],"wp:featuredmedia":[{"embeddable":true,"href":"https:\/\/crisami.com\/index.php?rest_route=\/wp\/v2\/media\/52"}],"wp:attachment":[{"href":"https:\/\/crisami.com\/index.php?rest_route=%2Fwp%2Fv2%2Fmedia&parent=51"}],"wp:term":[{"taxonomy":"category","embeddable":true,"href":"https:\/\/crisami.com\/index.php?rest_route=%2Fwp%2Fv2%2Fcategories&post=51"},{"taxonomy":"post_tag","embeddable":true,"href":"https:\/\/crisami.com\/index.php?rest_route=%2Fwp%2Fv2%2Ftags&post=51"}],"curies":[{"name":"wp","href":"https:\/\/api.w.org\/{rel}","templated":true}]}}